{"id":34776,"date":"2025-09-10T14:21:25","date_gmt":"2025-09-10T14:21:25","guid":{"rendered":"https:\/\/www.victoriadalle.com\/?p=34776"},"modified":"2026-03-26T17:09:09","modified_gmt":"2026-03-26T17:09:09","slug":"digital-arkivering-og-personlige-samlinger-en-nodvendig-teknologisk-forstaelse","status":"publish","type":"post","link":"https:\/\/www.victoriadalle.com\/en\/digital-arkivering-og-personlige-samlinger-en-nodvendig-teknologisk-forstaelse","title":{"rendered":"Digital Arkivering og Personlige Samlinger: En N\u00f8dvendig Teknologisk Forst\u00e5else"},"content":{"rendered":"<p>I en \u00e6ra hvor information genereres i en hidtil uset hastighed, bliver moderne digital arkivering et centralt element i at bevare kulturarv, personlige minder og professionelle dokumenter. S\u00e6rligt i Danmark, hvor den digitale transformation breder sig, er det vigtigt at forst\u00e5, hvordan man bedst integrerer og optimerer tilg\u00e6ngeligheden af ens digitale samlinger p\u00e5 tv\u00e6rs af enheder.<\/p>\n<h2>Den Digitale \u00c6ndringsproces: Fra Traditionel Til Digital<\/h2>\n<p>Historisk set var fysisk arkivering dominerende, med fysiske mapper, album og hylder. I dag har denne praksis skiftet til digitale arkiver, hvor cloud-tjenester, apps og webbaserede platforme er blevet det foretrukne redskab for b\u00e5de institutionsarkiv og personlige samlinger.<\/p>\n<blockquote><p>\n&#8220;Digital arkivering muligg\u00f8r ikke bare sikkerhed og backup, men ogs\u00e5 \u00f8jeblikkelig adgang og deling.&#8221; \u2013 <em>Eksperter i kulturel digital forvaltning<\/em>\n<\/p><\/blockquote>\n<h2>Personlige Samlinger: Digitaliseringens Fordele og Udfordringer<\/h2>\n<p>En velorganiseret digital samling kan omfatte fotografier, dokumenter, memorabilia, hobby-arkiver og endda personlige blogs. Men med muligheder kommer ogs\u00e5 udfordringer som datasikkerhed, brugervenlighed og langtidsholdbarhed.<\/p>\n<p>En vigtig faktor i at opretholde disse digitale arkiver er, hvordan man tilpasser nye teknologier til daglig brug. Her spiller smartphones en s\u00e6rlig rolle, da de er blevet samlingernes prim\u00e6re adgangsplatform.<\/p>\n<h2>Implementering af Kulturelle Digitale Redskaber<\/h2>\n<p>Et af de mest effektive v\u00e6rkt\u00f8jer til at forbedre brugeroplevelsen er at tilf\u00f8je nogle af de mest brugte webapplikationer direkte til hjemmesk\u00e6rmen via &#8220;hjemmesk\u00e6rm&#8221;-funktioner p\u00e5 mobile enheder. Dette g\u00f8r genvejstilgangen intuitiv og engagerende.<\/p>\n<h2>Innovative Metoder til Personlig Digital Arkivering<\/h2>\n<table>\n<thead>\n<tr>\n<th>Teknologi<\/th>\n<th>Fordel<\/th>\n<th>Eksempel<\/th>\n<\/tr>\n<\/thead>\n<tbody>\n<tr>\n<td>Web-apps med offline adgang<\/td>\n<td>Sikkerhed og fleksibilitet<\/td>\n<td>My Curated Treasures<\/td>\n<\/tr>\n<tr>\n<td>Cloud-baserede platforme<\/td>\n<td>Nem deling og backup<\/td>\n<td>Google Fotos, Dropbox<\/td>\n<\/tr>\n<tr>\n<td>Mobiloptimerede hjemmesider<\/td>\n<td>\u00d8get tilg\u00e6ngelighed<\/td>\n<td>Personaliserede startsk\u00e6rm-genveje<\/td>\n<\/tr>\n<\/tbody>\n<\/table>\n<h2>Casestudie: Digital Integration af Kulturskat<\/h2>\n<p>Forestil dig en personlig kunstsamling, der digitaliseres og organiseres gennem en webbaseret platform. Ved at integrere direkte adgang via hjemmesk\u00e6rmen p\u00e5 mobilen, kan samleren hurtigt tilg\u00e5, dele og opdatere samlingen uden at skulle \u00e5bne flere apps eller websider. Dette for\u00f8ger b\u00e5de engagement og muligheden for at bevare minder over lang tid.<\/p>\n<div class=\"callout\">\n<p>Et eksempel p\u00e5 en s\u00e5dan l\u00f8sning er at tilf\u00f8je <a href=\"https:\/\/mycuratedtreasures.app\/da\/\">My Curated Treasures<\/a> til hjemmesk\u00e6rmen med et simpelt klik. For at g\u00f8re dette, kan du benytte den intuitive funktion ved at v\u00e6lge &#8220;tilf\u00f8j My Curated Treasures til hjemmesk\u00e6rmen&#8221;, som giver dig hurtig adgang til dine personlige skatte.<\/p>\n<\/div>\n<h2>S\u00e5dan Tilf\u00f8jer du My Curated Treasures til Hjemmesk\u00e6rmen<\/h2>\n<p>At optimere din digitale oplevelse med personlige samlinger kr\u00e6ver kun f\u00e5 klik. For at starte processen, kan du f\u00f8lge disse trin:<\/p>\n<ul>\n<li>\u00c5bn My Curated Treasures i din mobilbrowser.<\/li>\n<li>Bev\u00e6g dig til browserens menu (ofte tre prikker eller dele-ikon).<\/li>\n<li>V\u00e6lg &#8220;F\u00f8j til startsk\u00e6rm&#8221; eller &#8220;Tilf\u00f8j til hjemmesk\u00e6rmen&#8221;.<\/li>\n<li>Giv genvejen et personligt navn, eksempelvis &#8220;Mine Skatte&#8221;.<\/li>\n<li>Bekr\u00e6ft og placer ikonet p\u00e5 din hjemmesk\u00e6rm for hurtig adgang.<\/li>\n<\/ul>\n<p>Dette enkle trin forbedrer din adgang, hvilket er essentielt for den daglige h\u00e5ndtering og nyde gl\u00e6den ved dine digitale arv.<\/p>\n<h2>Perspektiv: Fremtiden for Digital Kulturarv<\/h2>\n<p>Inddragelsen af intuitive brugerflader, som den der tilbudes af My Curated Treasures, understreger den voksende betydning af personalisering. N\u00e5r brugere kan tilpasse og integrere deres digitale samlinger s\u00f8ml\u00f8st, bliver kulturarven mere levende og tilg\u00e6ngelig end nogensinde f\u00f8r.<\/p>\n<p>Det er et konkret eksempel p\u00e5, hvordan moderne teknologier kan tjene som bro mellem fortid og nutid, gennem en kombination af brugervenlighed, sikkerhed og \u00e6stetik.<\/p>\n<h2>Konklusion<\/h2>\n<p>At optimere den personlige digitale kulturarv kr\u00e6ver en strategisk tilgang, hvor integrationen af v\u00e6rkt\u00f8jer som My Curated Treasures spiller en afg\u00f8rende rolle. Ved at tilf\u00f8je denne tjeneste til hjemmesk\u00e6rmen, f\u00e5r man en mere intuitiv og engagerende adgang til ens samling, hvilket styrker bevaringsprocessen og gl\u00e6den ved personlige minder. Fremtiden ligger i enkeltheden ved brugercentreret teknologi, der g\u00f8r det muligt for hver enkelt at tage kontrol over deres kulturarv i en digital verden.<\/p>","protected":false},"excerpt":{"rendered":"<p>I en \u00e6ra hvor information genereres i en hidtil uset hastighed, bliver moderne digital arkivering et centralt element i at bevare kulturarv, personlige minder og professionelle dokumenter. S\u00e6rligt i Danmark, hvor den digitale transformation breder sig, er det vigtigt at forst\u00e5, hvordan man bedst integrerer og optimerer tilg\u00e6ngeligheden af ens digitale samlinger p\u00e5 tv\u00e6rs af [&hellip;]<\/p>\n","protected":false},"author":4,"featured_media":0,"comment_status":"open","ping_status":"open","sticky":false,"template":"","format":"standard","meta":[],"categories":[1],"tags":[],"yoast_head":"<!-- This site is optimized with the Yoast SEO plugin v19.13 - https:\/\/yoast.com\/wordpress\/plugins\/seo\/ -->\n<title>Digital Arkivering og Personlige Samlinger: En N\u00f8dvendig Teknologisk Forst\u00e5else - Victoria Dalle<\/title>\n<meta name=\"robots\" content=\"index, follow, max-snippet:-1, max-image-preview:large, max-video-preview:-1\" \/>\n<link rel=\"canonical\" href=\"https:\/\/www.victoriadalle.com\/en\/digital-arkivering-og-personlige-samlinger-en-nodvendig-teknologisk-forstaelse\/\" \/>\n<meta property=\"og:locale\" content=\"en_GB\" \/>\n<meta property=\"og:type\" content=\"article\" \/>\n<meta property=\"og:title\" content=\"Digital Arkivering og Personlige Samlinger: En N\u00f8dvendig Teknologisk Forst\u00e5else - Victoria Dalle\" \/>\n<meta property=\"og:description\" content=\"I en \u00e6ra hvor information genereres i en hidtil uset hastighed, bliver moderne digital arkivering et centralt element i at bevare kulturarv, personlige minder og professionelle dokumenter. S\u00e6rligt i Danmark, hvor den digitale transformation breder sig, er det vigtigt at forst\u00e5, hvordan man bedst integrerer og optimerer tilg\u00e6ngeligheden af ens digitale samlinger p\u00e5 tv\u00e6rs af [&hellip;]\" \/>\n<meta property=\"og:url\" content=\"https:\/\/www.victoriadalle.com\/en\/digital-arkivering-og-personlige-samlinger-en-nodvendig-teknologisk-forstaelse\/\" \/>\n<meta property=\"og:site_name\" content=\"Victoria Dalle\" \/>\n<meta property=\"article:published_time\" content=\"2025-09-10T14:21:25+00:00\" \/>\n<meta property=\"article:modified_time\" content=\"2026-03-26T17:09:09+00:00\" \/>\n<meta name=\"author\" content=\"dalle\" \/>\n<meta name=\"twitter:card\" content=\"summary_large_image\" \/>\n<meta name=\"twitter:label1\" content=\"Written by\" \/>\n\t<meta name=\"twitter:data1\" content=\"dalle\" \/>\n\t<meta name=\"twitter:label2\" content=\"Estimated reading time\" \/>\n\t<meta name=\"twitter:data2\" content=\"3 minutes\" \/>\n<script type=\"application\/ld+json\" class=\"yoast-schema-graph\">{\"@context\":\"https:\/\/schema.org\",\"@graph\":[{\"@type\":\"WebPage\",\"@id\":\"https:\/\/www.victoriadalle.com\/digital-arkivering-og-personlige-samlinger-en-nodvendig-teknologisk-forstaelse\",\"url\":\"https:\/\/www.victoriadalle.com\/digital-arkivering-og-personlige-samlinger-en-nodvendig-teknologisk-forstaelse\",\"name\":\"Digital Arkivering og Personlige Samlinger: En N\u00f8dvendig Teknologisk Forst\u00e5else - Victoria Dalle\",\"isPartOf\":{\"@id\":\"https:\/\/www.victoriadalle.com\/#website\"},\"datePublished\":\"2025-09-10T14:21:25+00:00\",\"dateModified\":\"2026-03-26T17:09:09+00:00\",\"author\":{\"@id\":\"https:\/\/www.victoriadalle.com\/#\/schema\/person\/bb2081358ab214369bd2084fb6377703\"},\"breadcrumb\":{\"@id\":\"https:\/\/www.victoriadalle.com\/digital-arkivering-og-personlige-samlinger-en-nodvendig-teknologisk-forstaelse#breadcrumb\"},\"inLanguage\":\"en-GB\",\"potentialAction\":[{\"@type\":\"ReadAction\",\"target\":[\"https:\/\/www.victoriadalle.com\/digital-arkivering-og-personlige-samlinger-en-nodvendig-teknologisk-forstaelse\"]}]},{\"@type\":\"BreadcrumbList\",\"@id\":\"https:\/\/www.victoriadalle.com\/digital-arkivering-og-personlige-samlinger-en-nodvendig-teknologisk-forstaelse#breadcrumb\",\"itemListElement\":[{\"@type\":\"ListItem\",\"position\":1,\"name\":\"Home\",\"item\":\"https:\/\/www.victoriadalle.com\/\"},{\"@type\":\"ListItem\",\"position\":2,\"name\":\"Digital Arkivering og Personlige Samlinger: En N\u00f8dvendig Teknologisk Forst\u00e5else\"}]},{\"@type\":\"WebSite\",\"@id\":\"https:\/\/www.victoriadalle.com\/#website\",\"url\":\"https:\/\/www.victoriadalle.com\/\",\"name\":\"Victoria Dalle\",\"description\":\"\",\"potentialAction\":[{\"@type\":\"SearchAction\",\"target\":{\"@type\":\"EntryPoint\",\"urlTemplate\":\"https:\/\/www.victoriadalle.com\/?s={search_term_string}\"},\"query-input\":\"required name=search_term_string\"}],\"inLanguage\":\"en-GB\"},{\"@type\":\"Person\",\"@id\":\"https:\/\/www.victoriadalle.com\/#\/schema\/person\/bb2081358ab214369bd2084fb6377703\",\"name\":\"dalle\",\"image\":{\"@type\":\"ImageObject\",\"inLanguage\":\"en-GB\",\"@id\":\"https:\/\/www.victoriadalle.com\/#\/schema\/person\/image\/\",\"url\":\"https:\/\/secure.gravatar.com\/avatar\/15342ac111d59b9ec59abf5909d1a6af?s=96&d=mm&r=g\",\"contentUrl\":\"https:\/\/secure.gravatar.com\/avatar\/15342ac111d59b9ec59abf5909d1a6af?s=96&d=mm&r=g\",\"caption\":\"dalle\"},\"url\":\"https:\/\/www.victoriadalle.com\/en\/author\/dalle\"}]}<\/script>\n<!-- \/ Yoast SEO plugin. -->","yoast_head_json":{"title":"Digital Arkivering og Personlige Samlinger: En N\u00f8dvendig Teknologisk Forst\u00e5else - Victoria Dalle","robots":{"index":"index","follow":"follow","max-snippet":"max-snippet:-1","max-image-preview":"max-image-preview:large","max-video-preview":"max-video-preview:-1"},"canonical":"https:\/\/www.victoriadalle.com\/en\/digital-arkivering-og-personlige-samlinger-en-nodvendig-teknologisk-forstaelse\/","og_locale":"en_GB","og_type":"article","og_title":"Digital Arkivering og Personlige Samlinger: En N\u00f8dvendig Teknologisk Forst\u00e5else - Victoria Dalle","og_description":"I en \u00e6ra hvor information genereres i en hidtil uset hastighed, bliver moderne digital arkivering et centralt element i at bevare kulturarv, personlige minder og professionelle dokumenter. S\u00e6rligt i Danmark, hvor den digitale transformation breder sig, er det vigtigt at forst\u00e5, hvordan man bedst integrerer og optimerer tilg\u00e6ngeligheden af ens digitale samlinger p\u00e5 tv\u00e6rs af [&hellip;]","og_url":"https:\/\/www.victoriadalle.com\/en\/digital-arkivering-og-personlige-samlinger-en-nodvendig-teknologisk-forstaelse\/","og_site_name":"Victoria Dalle","article_published_time":"2025-09-10T14:21:25+00:00","article_modified_time":"2026-03-26T17:09:09+00:00","author":"dalle","twitter_card":"summary_large_image","twitter_misc":{"Written by":"dalle","Estimated reading time":"3 minutes"},"schema":{"@context":"https:\/\/schema.org","@graph":[{"@type":"WebPage","@id":"https:\/\/www.victoriadalle.com\/digital-arkivering-og-personlige-samlinger-en-nodvendig-teknologisk-forstaelse","url":"https:\/\/www.victoriadalle.com\/digital-arkivering-og-personlige-samlinger-en-nodvendig-teknologisk-forstaelse","name":"Digital Arkivering og Personlige Samlinger: En N\u00f8dvendig Teknologisk Forst\u00e5else - Victoria Dalle","isPartOf":{"@id":"https:\/\/www.victoriadalle.com\/#website"},"datePublished":"2025-09-10T14:21:25+00:00","dateModified":"2026-03-26T17:09:09+00:00","author":{"@id":"https:\/\/www.victoriadalle.com\/#\/schema\/person\/bb2081358ab214369bd2084fb6377703"},"breadcrumb":{"@id":"https:\/\/www.victoriadalle.com\/digital-arkivering-og-personlige-samlinger-en-nodvendig-teknologisk-forstaelse#breadcrumb"},"inLanguage":"en-GB","potentialAction":[{"@type":"ReadAction","target":["https:\/\/www.victoriadalle.com\/digital-arkivering-og-personlige-samlinger-en-nodvendig-teknologisk-forstaelse"]}]},{"@type":"BreadcrumbList","@id":"https:\/\/www.victoriadalle.com\/digital-arkivering-og-personlige-samlinger-en-nodvendig-teknologisk-forstaelse#breadcrumb","itemListElement":[{"@type":"ListItem","position":1,"name":"Home","item":"https:\/\/www.victoriadalle.com\/"},{"@type":"ListItem","position":2,"name":"Digital Arkivering og Personlige Samlinger: En N\u00f8dvendig Teknologisk Forst\u00e5else"}]},{"@type":"WebSite","@id":"https:\/\/www.victoriadalle.com\/#website","url":"https:\/\/www.victoriadalle.com\/","name":"Victoria Dalle","description":"","potentialAction":[{"@type":"SearchAction","target":{"@type":"EntryPoint","urlTemplate":"https:\/\/www.victoriadalle.com\/?s={search_term_string}"},"query-input":"required name=search_term_string"}],"inLanguage":"en-GB"},{"@type":"Person","@id":"https:\/\/www.victoriadalle.com\/#\/schema\/person\/bb2081358ab214369bd2084fb6377703","name":"dalle","image":{"@type":"ImageObject","inLanguage":"en-GB","@id":"https:\/\/www.victoriadalle.com\/#\/schema\/person\/image\/","url":"https:\/\/secure.gravatar.com\/avatar\/15342ac111d59b9ec59abf5909d1a6af?s=96&d=mm&r=g","contentUrl":"https:\/\/secure.gravatar.com\/avatar\/15342ac111d59b9ec59abf5909d1a6af?s=96&d=mm&r=g","caption":"dalle"},"url":"https:\/\/www.victoriadalle.com\/en\/author\/dalle"}]}},"_links":{"self":[{"href":"https:\/\/www.victoriadalle.com\/en\/wp-json\/wp\/v2\/posts\/34776"}],"collection":[{"href":"https:\/\/www.victoriadalle.com\/en\/wp-json\/wp\/v2\/posts"}],"about":[{"href":"https:\/\/www.victoriadalle.com\/en\/wp-json\/wp\/v2\/types\/post"}],"author":[{"embeddable":true,"href":"https:\/\/www.victoriadalle.com\/en\/wp-json\/wp\/v2\/users\/4"}],"replies":[{"embeddable":true,"href":"https:\/\/www.victoriadalle.com\/en\/wp-json\/wp\/v2\/comments?post=34776"}],"version-history":[{"count":1,"href":"https:\/\/www.victoriadalle.com\/en\/wp-json\/wp\/v2\/posts\/34776\/revisions"}],"predecessor-version":[{"id":34777,"href":"https:\/\/www.victoriadalle.com\/en\/wp-json\/wp\/v2\/posts\/34776\/revisions\/34777"}],"wp:attachment":[{"href":"https:\/\/www.victoriadalle.com\/en\/wp-json\/wp\/v2\/media?parent=34776"}],"wp:term":[{"taxonomy":"category","embeddable":true,"href":"https:\/\/www.victoriadalle.com\/en\/wp-json\/wp\/v2\/categories?post=34776"},{"taxonomy":"post_tag","embeddable":true,"href":"https:\/\/www.victoriadalle.com\/en\/wp-json\/wp\/v2\/tags?post=34776"}],"curies":[{"name":"wp","href":"https:\/\/api.w.org\/{rel}","templated":true}]}}