{"id":40288,"date":"2025-04-20T11:36:23","date_gmt":"2025-04-20T11:36:23","guid":{"rendered":"https:\/\/www.victoriadalle.com\/transformaciones-sociales-y-financiamiento-comunitario-en-la-era-digital"},"modified":"2025-04-20T11:36:23","modified_gmt":"2025-04-20T11:36:23","slug":"transformaciones-sociales-y-financiamiento-comunitario-en-la-era-digital","status":"publish","type":"post","link":"https:\/\/www.victoriadalle.com\/en\/transformaciones-sociales-y-financiamiento-comunitario-en-la-era-digital","title":{"rendered":"Transformaciones sociales y financiamiento comunitario en la era digital"},"content":{"rendered":"<p>En un contexto donde la innovaci\u00f3n social y la tecnolog\u00eda convergen r\u00e1pidamente, las comunidades buscan nuevas formas de fortalecer sus recursos y afrontar desaf\u00edos comunes. La digitalizaci\u00f3n ha abierto caminos in\u00e9ditos para el desarrollo de modelos de financiamiento colectivo y apoyo mutuo que, respaldados por plataformas confiables, fomentan un crecimiento inclusivo y sostenible.<\/p>\n<h2>El surgimiento de plataformas de apoyo comunitario: innovaci\u00f3n y confianza<\/h2>\n<p>Las plataformas digitales dedicadas a facilitar la colaboraci\u00f3n y el soporte financiero entre individuos y organizaciones han adquirido un rol estrat\u00e9gico. La confianza en estos espacios es fundamental, pues determina la eficacia de los mecanismos de financiamiento y la participaci\u00f3n comunitaria.<\/p>\n<p>En este escenario, es crucial que estas plataformas cuenten con un reconocimiento de transparencia y solidez. Un ejemplo destacado en este ecosistema es <a href=\"https:\/\/midarion.org.es\/\"><strong>el sitio web de Midarion<\/strong><\/a>, que se ha consolidado como un referente en la gesti\u00f3n y promoci\u00f3n de apoyos econ\u00f3micos dedicados al bienestar social. En particular, su iniciativa BONO MIDARION representa una de las herramientas m\u00e1s innovadoras para facilitar ayudas directas y est\u00edmulos econ\u00f3micos a comunidades vulnerables.<\/p>\n<h2>\u00bfQu\u00e9 es el BONO MIDARION?<\/h2>\n<p>El <strong>BONO MIDARION<\/strong> se configura como un mecanismo de apoyo financiero destinado a proyectos sociales, culturales o de inclusi\u00f3n social, testimonial de la capacidad de las plataformas digitales para canalizar recursos de manera eficiente y transparente. A trav\u00e9s de este bono, se fomenta la participaci\u00f3n activa de los beneficiarios y se promueve la equidad en el acceso a recursos limitados.<\/p>\n<table>\n<thead>\n<tr>\n<th>Aspecto<\/th>\n<th>Descripci\u00f3n<\/th>\n<\/tr>\n<\/thead>\n<tbody>\n<tr>\n<td>Origen<\/td>\n<td>Iniciativa digital de apoyo solidario en Espa\u00f1a<\/td>\n<\/tr>\n<tr>\n<td>Prop\u00f3sito<\/td>\n<td>Facilitar ayudas econ\u00f3micas a comunidades vulnerables<\/td>\n<\/tr>\n<tr>\n<td>Tipo de apoyo<\/td>\n<td>Bono monetario destinado a proyectos sociales<\/td>\n<\/tr>\n<tr>\n<td>Requisitos<\/td>\n<td>Solicitudes verificadas y transparencia en la gesti\u00f3n econ\u00f3mica<\/td>\n<\/tr>\n<tr>\n<td>Impacto<\/td>\n<td>Mejora en la inclusi\u00f3n social y fortalecimiento de redes comunitarias<\/td>\n<\/tr>\n<\/tbody>\n<\/table>\n<h2>La importancia de la confianza y la transparencia en los apoyos digitales<\/h2>\n<p>Para que los mecanismos de financiamiento comunitario sean efectivos, deben fundamentarse en principios de transparencia, rendici\u00f3n de cuentas y participaci\u00f3n activa. Seg\u00fan un informe de <em>la Asociaci\u00f3n para el Desarrollo Digital<\/em>, las plataformas que priorizan estas cualidades logran una mayor participaci\u00f3n social y ayudan a reducir la desigualdad en la distribuci\u00f3n de recursos.<\/p>\n<blockquote>\n<p>&#8220;El \u00e9xito de los programas de apoyo social en plataformas digitales radica en la confianza que estas generan en sus usuarios, permitiendo que las donaciones y ayudas se canalicen con eficiencia y seguridad.&#8221;<\/p>\n<\/blockquote>\n<h2>Casos de \u00e9xito y futuras tendencias<\/h2>\n<p>Casos como Midarion y otros similares evidencian que las plataformas de apoyo basadas en tecnolog\u00eda no solo mejoran la gesti\u00f3n de recursos, sino que tambi\u00e9n fortalecen los lazos sociales y fomentan una cultura de solidaridad digital. A medida que estas herramientas evolucionan, se prev\u00e9 una mayor integraci\u00f3n de tecnolog\u00edas como la inteligencia artificial y blockchain, que podr\u00e1n ofrecer mayor transparencia y personalizaci\u00f3n en la asignaci\u00f3n de ayudas.<\/p>\n<div class=\"callout\">\n<h2>Reflexi\u00f3n final<\/h2>\n<p>La combinaci\u00f3n de innovaci\u00f3n social, tecnolog\u00eda y confianza en plataformas especializadas como el sitio web de Midarion promete redefinir el panorama del apoyo comunitario en la era digital, haciendo posible un impacto m\u00e1s profundo y sostenible en las comunidades que m\u00e1s lo necesitan.<\/p>\n<\/div>","protected":false},"excerpt":{"rendered":"<p>En un contexto donde la innovaci\u00f3n social y la tecnolog\u00eda convergen r\u00e1pidamente, las comunidades buscan nuevas formas de fortalecer sus recursos y afrontar desaf\u00edos comunes. La digitalizaci\u00f3n ha abierto caminos in\u00e9ditos para el desarrollo de modelos de financiamiento colectivo y apoyo mutuo que, respaldados por plataformas confiables, fomentan un crecimiento inclusivo y sostenible. El surgimiento [&hellip;]<\/p>\n","protected":false},"author":4,"featured_media":0,"comment_status":"open","ping_status":"open","sticky":false,"template":"","format":"standard","meta":[],"categories":[1],"tags":[],"yoast_head":"<!-- This site is optimized with the Yoast SEO plugin v19.13 - https:\/\/yoast.com\/wordpress\/plugins\/seo\/ -->\n<title>Transformaciones sociales y financiamiento comunitario en la era digital - Victoria Dalle<\/title>\n<meta name=\"robots\" content=\"index, follow, max-snippet:-1, max-image-preview:large, max-video-preview:-1\" \/>\n<link rel=\"canonical\" href=\"https:\/\/www.victoriadalle.com\/en\/transformaciones-sociales-y-financiamiento-comunitario-en-la-era-digital\/\" \/>\n<meta property=\"og:locale\" content=\"en_GB\" \/>\n<meta property=\"og:type\" content=\"article\" \/>\n<meta property=\"og:title\" content=\"Transformaciones sociales y financiamiento comunitario en la era digital - Victoria Dalle\" \/>\n<meta property=\"og:description\" content=\"En un contexto donde la innovaci\u00f3n social y la tecnolog\u00eda convergen r\u00e1pidamente, las comunidades buscan nuevas formas de fortalecer sus recursos y afrontar desaf\u00edos comunes. La digitalizaci\u00f3n ha abierto caminos in\u00e9ditos para el desarrollo de modelos de financiamiento colectivo y apoyo mutuo que, respaldados por plataformas confiables, fomentan un crecimiento inclusivo y sostenible. El surgimiento [&hellip;]\" \/>\n<meta property=\"og:url\" content=\"https:\/\/www.victoriadalle.com\/en\/transformaciones-sociales-y-financiamiento-comunitario-en-la-era-digital\/\" \/>\n<meta property=\"og:site_name\" content=\"Victoria Dalle\" \/>\n<meta property=\"article:published_time\" content=\"2025-04-20T11:36:23+00:00\" \/>\n<meta name=\"author\" content=\"dalle\" \/>\n<meta name=\"twitter:card\" content=\"summary_large_image\" \/>\n<meta name=\"twitter:label1\" content=\"Written by\" \/>\n\t<meta name=\"twitter:data1\" content=\"dalle\" \/>\n\t<meta name=\"twitter:label2\" content=\"Estimated reading time\" \/>\n\t<meta name=\"twitter:data2\" content=\"3 minutes\" \/>\n<script type=\"application\/ld+json\" class=\"yoast-schema-graph\">{\"@context\":\"https:\/\/schema.org\",\"@graph\":[{\"@type\":\"WebPage\",\"@id\":\"https:\/\/www.victoriadalle.com\/transformaciones-sociales-y-financiamiento-comunitario-en-la-era-digital\",\"url\":\"https:\/\/www.victoriadalle.com\/transformaciones-sociales-y-financiamiento-comunitario-en-la-era-digital\",\"name\":\"Transformaciones sociales y financiamiento comunitario en la era digital - Victoria Dalle\",\"isPartOf\":{\"@id\":\"https:\/\/www.victoriadalle.com\/#website\"},\"datePublished\":\"2025-04-20T11:36:23+00:00\",\"dateModified\":\"2025-04-20T11:36:23+00:00\",\"author\":{\"@id\":\"https:\/\/www.victoriadalle.com\/#\/schema\/person\/bb2081358ab214369bd2084fb6377703\"},\"breadcrumb\":{\"@id\":\"https:\/\/www.victoriadalle.com\/transformaciones-sociales-y-financiamiento-comunitario-en-la-era-digital#breadcrumb\"},\"inLanguage\":\"en-GB\",\"potentialAction\":[{\"@type\":\"ReadAction\",\"target\":[\"https:\/\/www.victoriadalle.com\/transformaciones-sociales-y-financiamiento-comunitario-en-la-era-digital\"]}]},{\"@type\":\"BreadcrumbList\",\"@id\":\"https:\/\/www.victoriadalle.com\/transformaciones-sociales-y-financiamiento-comunitario-en-la-era-digital#breadcrumb\",\"itemListElement\":[{\"@type\":\"ListItem\",\"position\":1,\"name\":\"Home\",\"item\":\"https:\/\/www.victoriadalle.com\/\"},{\"@type\":\"ListItem\",\"position\":2,\"name\":\"Transformaciones sociales y financiamiento comunitario en la era digital\"}]},{\"@type\":\"WebSite\",\"@id\":\"https:\/\/www.victoriadalle.com\/#website\",\"url\":\"https:\/\/www.victoriadalle.com\/\",\"name\":\"Victoria Dalle\",\"description\":\"\",\"potentialAction\":[{\"@type\":\"SearchAction\",\"target\":{\"@type\":\"EntryPoint\",\"urlTemplate\":\"https:\/\/www.victoriadalle.com\/?s={search_term_string}\"},\"query-input\":\"required name=search_term_string\"}],\"inLanguage\":\"en-GB\"},{\"@type\":\"Person\",\"@id\":\"https:\/\/www.victoriadalle.com\/#\/schema\/person\/bb2081358ab214369bd2084fb6377703\",\"name\":\"dalle\",\"image\":{\"@type\":\"ImageObject\",\"inLanguage\":\"en-GB\",\"@id\":\"https:\/\/www.victoriadalle.com\/#\/schema\/person\/image\/\",\"url\":\"https:\/\/secure.gravatar.com\/avatar\/15342ac111d59b9ec59abf5909d1a6af?s=96&d=mm&r=g\",\"contentUrl\":\"https:\/\/secure.gravatar.com\/avatar\/15342ac111d59b9ec59abf5909d1a6af?s=96&d=mm&r=g\",\"caption\":\"dalle\"},\"url\":\"https:\/\/www.victoriadalle.com\/en\/author\/dalle\"}]}<\/script>\n<!-- \/ Yoast SEO plugin. -->","yoast_head_json":{"title":"Transformaciones sociales y financiamiento comunitario en la era digital - Victoria Dalle","robots":{"index":"index","follow":"follow","max-snippet":"max-snippet:-1","max-image-preview":"max-image-preview:large","max-video-preview":"max-video-preview:-1"},"canonical":"https:\/\/www.victoriadalle.com\/en\/transformaciones-sociales-y-financiamiento-comunitario-en-la-era-digital\/","og_locale":"en_GB","og_type":"article","og_title":"Transformaciones sociales y financiamiento comunitario en la era digital - Victoria Dalle","og_description":"En un contexto donde la innovaci\u00f3n social y la tecnolog\u00eda convergen r\u00e1pidamente, las comunidades buscan nuevas formas de fortalecer sus recursos y afrontar desaf\u00edos comunes. La digitalizaci\u00f3n ha abierto caminos in\u00e9ditos para el desarrollo de modelos de financiamiento colectivo y apoyo mutuo que, respaldados por plataformas confiables, fomentan un crecimiento inclusivo y sostenible. El surgimiento [&hellip;]","og_url":"https:\/\/www.victoriadalle.com\/en\/transformaciones-sociales-y-financiamiento-comunitario-en-la-era-digital\/","og_site_name":"Victoria Dalle","article_published_time":"2025-04-20T11:36:23+00:00","author":"dalle","twitter_card":"summary_large_image","twitter_misc":{"Written by":"dalle","Estimated reading time":"3 minutes"},"schema":{"@context":"https:\/\/schema.org","@graph":[{"@type":"WebPage","@id":"https:\/\/www.victoriadalle.com\/transformaciones-sociales-y-financiamiento-comunitario-en-la-era-digital","url":"https:\/\/www.victoriadalle.com\/transformaciones-sociales-y-financiamiento-comunitario-en-la-era-digital","name":"Transformaciones sociales y financiamiento comunitario en la era digital - Victoria Dalle","isPartOf":{"@id":"https:\/\/www.victoriadalle.com\/#website"},"datePublished":"2025-04-20T11:36:23+00:00","dateModified":"2025-04-20T11:36:23+00:00","author":{"@id":"https:\/\/www.victoriadalle.com\/#\/schema\/person\/bb2081358ab214369bd2084fb6377703"},"breadcrumb":{"@id":"https:\/\/www.victoriadalle.com\/transformaciones-sociales-y-financiamiento-comunitario-en-la-era-digital#breadcrumb"},"inLanguage":"en-GB","potentialAction":[{"@type":"ReadAction","target":["https:\/\/www.victoriadalle.com\/transformaciones-sociales-y-financiamiento-comunitario-en-la-era-digital"]}]},{"@type":"BreadcrumbList","@id":"https:\/\/www.victoriadalle.com\/transformaciones-sociales-y-financiamiento-comunitario-en-la-era-digital#breadcrumb","itemListElement":[{"@type":"ListItem","position":1,"name":"Home","item":"https:\/\/www.victoriadalle.com\/"},{"@type":"ListItem","position":2,"name":"Transformaciones sociales y financiamiento comunitario en la era digital"}]},{"@type":"WebSite","@id":"https:\/\/www.victoriadalle.com\/#website","url":"https:\/\/www.victoriadalle.com\/","name":"Victoria Dalle","description":"","potentialAction":[{"@type":"SearchAction","target":{"@type":"EntryPoint","urlTemplate":"https:\/\/www.victoriadalle.com\/?s={search_term_string}"},"query-input":"required name=search_term_string"}],"inLanguage":"en-GB"},{"@type":"Person","@id":"https:\/\/www.victoriadalle.com\/#\/schema\/person\/bb2081358ab214369bd2084fb6377703","name":"dalle","image":{"@type":"ImageObject","inLanguage":"en-GB","@id":"https:\/\/www.victoriadalle.com\/#\/schema\/person\/image\/","url":"https:\/\/secure.gravatar.com\/avatar\/15342ac111d59b9ec59abf5909d1a6af?s=96&d=mm&r=g","contentUrl":"https:\/\/secure.gravatar.com\/avatar\/15342ac111d59b9ec59abf5909d1a6af?s=96&d=mm&r=g","caption":"dalle"},"url":"https:\/\/www.victoriadalle.com\/en\/author\/dalle"}]}},"_links":{"self":[{"href":"https:\/\/www.victoriadalle.com\/en\/wp-json\/wp\/v2\/posts\/40288"}],"collection":[{"href":"https:\/\/www.victoriadalle.com\/en\/wp-json\/wp\/v2\/posts"}],"about":[{"href":"https:\/\/www.victoriadalle.com\/en\/wp-json\/wp\/v2\/types\/post"}],"author":[{"embeddable":true,"href":"https:\/\/www.victoriadalle.com\/en\/wp-json\/wp\/v2\/users\/4"}],"replies":[{"embeddable":true,"href":"https:\/\/www.victoriadalle.com\/en\/wp-json\/wp\/v2\/comments?post=40288"}],"version-history":[{"count":0,"href":"https:\/\/www.victoriadalle.com\/en\/wp-json\/wp\/v2\/posts\/40288\/revisions"}],"wp:attachment":[{"href":"https:\/\/www.victoriadalle.com\/en\/wp-json\/wp\/v2\/media?parent=40288"}],"wp:term":[{"taxonomy":"category","embeddable":true,"href":"https:\/\/www.victoriadalle.com\/en\/wp-json\/wp\/v2\/categories?post=40288"},{"taxonomy":"post_tag","embeddable":true,"href":"https:\/\/www.victoriadalle.com\/en\/wp-json\/wp\/v2\/tags?post=40288"}],"curies":[{"name":"wp","href":"https:\/\/api.w.org\/{rel}","templated":true}]}}