{"id":41283,"date":"2025-04-20T22:02:30","date_gmt":"2025-04-20T22:02:30","guid":{"rendered":"https:\/\/www.victoriadalle.com\/aboriginalis-szolotermesztes-es-borkeszites-magyarorszagon-a-tradicionalis-modszerek-jovoje-2"},"modified":"2025-04-20T22:02:30","modified_gmt":"2025-04-20T22:02:30","slug":"aboriginalis-szolotermesztes-es-borkeszites-magyarorszagon-a-tradicionalis-modszerek-jovoje-2","status":"publish","type":"post","link":"https:\/\/www.victoriadalle.com\/en\/aboriginalis-szolotermesztes-es-borkeszites-magyarorszagon-a-tradicionalis-modszerek-jovoje-2","title":{"rendered":"Aborigin\u00e1lis sz\u0151l\u0151termeszt\u00e9s \u00e9s bork\u00e9sz\u00edt\u00e9s Magyarorsz\u00e1gon: A tradicion\u00e1lis m\u00f3dszerek j\u00f6v\u0151je"},"content":{"rendered":"<p>Magyarorsz\u00e1g t\u00f6rt\u00e9nelm\u00e9ben a sz\u0151l\u0151- \u00e9s borkult\u00fara egyed\u00fcl\u00e1ll\u00f3 helyet foglal el, ahol a hagyom\u00e1nyos m\u00f3dszerek tov\u00e1bb\u00e9l\u00e9s\u00e9vel az \u00e9letm\u00f3d \u00e9s a gazdas\u00e1g is szorosan \u00f6sszefon\u00f3dik a term\u00e9szeti k\u00f6rnyezettel. A modern technol\u00f3giai fejl\u0151d\u00e9s mellett egy k\u00fcl\u00f6n\u00f6sen \u00e9rdemes figyelmet szentelni azoknak az szeml\u00e9leteknek \u00e9s gyakorlatoknak, amelyek meg\u0151rzik az autentikus, biodiverzit\u00e1ssal gazdag\u00edtott sz\u0151l\u0151\u00fcltetv\u00e9nyeket, mint azokat, amelyeket egyre ink\u00e1bb t\u00e1mogatnak a hazai \u00e9s nemzetk\u00f6zi szakemberek.<\/p>\n<h2>A hagyom\u00e1nyos sz\u0151l\u0151termeszt\u00e9s \u00e9rt\u00e9k\u00e9nek \u00fajra\u00e9rt\u00e9kel\u00e9se<\/h2>\n<p>Az elm\u00falt \u00e9vtizedek sor\u00e1n egy\u00e9rtelm\u0171v\u00e9 v\u00e1lt, hogy az iparos\u00edtott m\u00f3dszerek nemcsak a term\u00e9szetet terhelik, hanem a v\u00e9gterm\u00e9k min\u0151s\u00e9g\u00e9t is megk\u00e9rd\u0151jelezik. A k\u00e9rd\u00e9s azonban az, hogy lehet-e fenntarthat\u00f3 m\u00f3don t\u00e1mogatni a hagyom\u00e1nyos, \u00f6kol\u00f3giai szempontb\u00f3l is tiszta sz\u0151l\u0151termeszt\u00e9st? A v\u00e1lasz egy\u00e9rtelm\u0171: igen. Ebben az \u00f6sszef\u00fcgg\u00e9sben k\u00fcl\u00f6n\u00f6sen figyelemre m\u00e9lt\u00f3 az olyan szakmai platformokat, mint p\u00e9ld\u00e1ul a <a href=\"https:\/\/vinniewinners-hu.com\/\"><strong>vinniewiners<\/strong><\/a>, amely a tradicion\u00e1lis magyar sz\u0151l\u00e9szeti \u00e9s bork\u00e9sz\u00edt\u00e9si technik\u00e1k egyik kiemelked\u0151 forr\u00e1sa.<\/p>\n<h2>Az autentikus sz\u0151l\u0151fajt\u00e1k \u00e9s a biodiverzit\u00e1s meg\u0151rz\u00e9se<\/h2>\n<p>A <em>vinniewiners<\/em> oldal p\u00e9ld\u00e1ja j\u00f3l mutatja, hogy a magyar sz\u0151l\u00e9szet nemcsak nemzeti traditionak, hanem glob\u00e1lis \u00f6kol\u00f3giai t\u00f6rekv\u00e9seknek is r\u00e9sze lehet. Az autentikus hazai fajt\u00e1k, mint p\u00e9ld\u00e1ul a <strong>K\u00e9kfrankos<\/strong> vagy a <strong>Furmint<\/strong>, k\u00fcl\u00f6n\u00f6sen alkalmasak arra, hogy a term\u00e9szetk\u00f6zeli, minim\u00e1l-intervenci\u00f3val k\u00e9sz\u00fclt borokban kiemelkedjenek. Ezek a fajt\u00e1k nemcsak kultur\u00e1lis \u00e9rt\u00e9ket hordoznak, hanem jelent\u0151s \u00f6kol\u00f3giai \u00e9rt\u00e9ket is, hiszen az eredeti k\u00f6rnyezet\u00fckben fenntarthat\u00f3 m\u00f3don k\u00e9pesek term\u00e9st adni.<\/p>\n<h2>Egyre n\u00e9pszer\u0171bb a term\u00e9szetes \u00e9s organikus bor\u00e1szat<\/h2>\n<table>\n<thead>\n<tr>\n<th>Jellemz\u0151<\/th>\n<th>Le\u00edr\u00e1s<\/th>\n<\/tr>\n<\/thead>\n<tbody>\n<tr>\n<td><strong>Minim\u00e1lis z\u00e1szl\u00f3<\/strong><\/td>\n<td>Nem haszn\u00e1lunk mesters\u00e9ges n\u00f6v\u00e9nyv\u00e9d\u0151szereket vagy adal\u00e9kokat.<\/td>\n<\/tr>\n<tr>\n<td><strong>F\u00f6ldell\u00e1t\u00e1s<\/strong><\/td>\n<td>Term\u00e9szetes komposzt \u00e9s bio tr\u00e1gy\u00e1k alkalmaz\u00e1sa.<\/td>\n<\/tr>\n<tr>\n<td><strong>Technol\u00f3gia<\/strong><\/td>\n<td>Tradicion\u00e1lis sz\u00fcretel\u00e9s, spont\u00e1n erjed\u00e9s \u00e9s spont\u00e1n sz\u0151l\u0151\u00e9leszt\u0151k haszn\u00e1lata.<\/td>\n<\/tr>\n<\/tbody>\n<\/table>\n<p>Az organikus \u00e9s biodinamikus bor\u00e1szat hazai p\u00e9ld\u00e1i, mint p\u00e9ld\u00e1ul az ismert <em>vinniewiners<\/em> port\u00e1l \u00e1ltal is ismertetett bor\u00e1szatok, kiv\u00e9teles p\u00e9ld\u00e1t mutatnak arra, hogy a hagyom\u00e1ny, a term\u00e9szetess\u00e9g \u00e9s a modern tudom\u00e1nyos t\u00e1mogat\u00e1s harmonikusan egyes\u00fclhetnek, el\u0151seg\u00edtve a min\u0151s\u00e9get \u00e9s a fenntarthat\u00f3s\u00e1got.<\/p>\n<h2>A kiv\u00e1l\u00f3 min\u0151s\u00e9g\u0171, k\u00e9zm\u0171ves borok j\u00f6v\u0151je Magyarorsz\u00e1gon<\/h2>\n<p>A premium kateg\u00f3ri\u00e1j\u00fa borok ir\u00e1nti kereslet folyamatosan n\u00f6vekszik, nemcsak a hazai, hanem a nemzetk\u00f6zi piacon is. A sz\u0151l\u0151termeszt\u00e9s \u00f6sszetett \u00e9s soksz\u00edn\u0171 vil\u00e1ga megk\u00f6veteli, hogy a fenntarthat\u00f3s\u00e1g, a trad\u00edci\u00f3 \u00e9s az innov\u00e1ci\u00f3 egyens\u00falya legyen a m\u00e9rce. Ebben a kontextusban a vinniewiners szakmai platform \u00e9rt\u00e9kes szerepet t\u00f6lt be, p\u00e9ld\u00e1ul seg\u00edtve a kisgazd\u00e1kat \u00e9s a hagyom\u00e1ny\u0151rz\u0151 bor\u00e1szokat abban, hogy hiteles, min\u0151s\u00e9gi term\u00e9keket \u00e1ll\u00edtsanak el\u0151 \u00e9s n\u00e9pszer\u0171s\u00edtsenek.<\/p>\n<h2>\u00d6sszegz\u00e9s \u00e9s kih\u00edv\u00e1sok<\/h2>\n<p>A magyar bor\u00e1szat egyik legnagyobb kih\u00edv\u00e1sa az \u00e9rt\u00e9kek meg\u0151rz\u00e9se mellett a versenyk\u00e9pess\u00e9g fenntart\u00e1sa. Az autentikus, term\u00e9szetk\u00f6zeli m\u00f3dszerek alkalmaz\u00e1sa nemcsak az UNESCO \u00e1ltal is elismert kultur\u00e1lis \u00f6r\u00f6ks\u00e9g meg\u0151rz\u00e9s\u00e9ben j\u00e1tszik szerepet, hanem a glob\u00e1lis \u00f6kol\u00f3giai v\u00e1ls\u00e1g kezel\u00e9s\u00e9ben is. A <em>vinniewiners<\/em> oldal \u00e1ltal k\u00e9pviselt szakmai ir\u00e1nyvonal p\u00e9ldak\u00e9nt szolg\u00e1l arra, hogy a hagyom\u00e1nyos \u00e9rt\u00e9kek \u00e9s a modern tudom\u00e1nyos eredm\u00e9nyek egy\u00fcttes alkalmaz\u00e1s\u00e1val er\u0151teljes \u00e9s fenntarthat\u00f3 magyar borkult\u00fara \u00e9p\u00edthet\u0151.<\/p>\n<blockquote><p>\n&#8220;Az igaz\u00e1n j\u00f3 bor nemcsak az \u00edzekr\u0151l sz\u00f3l, hanem azok iparkod\u00e1s\u00e1r\u00f3l, hagyom\u00e1ny\u00e1r\u00f3l \u00e9s a k\u00f6rnyezettel val\u00f3 harmonikus viszonyr\u00f3l is.&#8221; \u2013 szak\u00e9rt\u0151i v\u00e9lem\u00e9ny a helyi sz\u0151l\u0151termel\u00e9s \u00e9s bork\u00e9sz\u00edt\u00e9s j\u00f6v\u0151j\u00e9r\u0151l.\n<\/p><\/blockquote>\n<div class=\"figure\">\n<img alt=\"Magyar sz\u0151l\u0151\u00fcltetv\u00e9ny \u00e9s bork\u00e9sz\u00edt\u00e9s\" src=\"https:\/\/vinniewinners-hu.com\/assets\/images\/borkultura.jpg\"\/><\/p>\n<div class=\"caption\">K\u00e9zm\u0171ves sz\u0151l\u0151\u00fcltetv\u00e9ny a magyar Alf\u00f6ld\u00f6n, ahol a hagyom\u00e1nyos m\u00f3dszerek sok \u00e9vtizede meghat\u00e1rozz\u00e1k a min\u0151s\u00e9get.<\/div>\n<\/div>\n<p class=\"small\">Az autentikus magyar sz\u0151l\u0151- \u00e9s borkult\u00fara meg\u0151rz\u00e9se \u00e9s fejleszt\u00e9se k\u00f6z\u00f6s \u00e9rdek\u00fcnk, hiszen az \u00e9rt\u00e9kek j\u00f6v\u0151 gener\u00e1ci\u00f3i sz\u00e1m\u00e1ra val\u00f3 \u00e1tad\u00e1sa a val\u00f3di \u00f6r\u00f6ks\u00e9g.<\/p>","protected":false},"excerpt":{"rendered":"<p>Magyarorsz\u00e1g t\u00f6rt\u00e9nelm\u00e9ben a sz\u0151l\u0151- \u00e9s borkult\u00fara egyed\u00fcl\u00e1ll\u00f3 helyet foglal el, ahol a hagyom\u00e1nyos m\u00f3dszerek tov\u00e1bb\u00e9l\u00e9s\u00e9vel az \u00e9letm\u00f3d \u00e9s a gazdas\u00e1g is szorosan \u00f6sszefon\u00f3dik a term\u00e9szeti k\u00f6rnyezettel. A modern technol\u00f3giai fejl\u0151d\u00e9s mellett egy k\u00fcl\u00f6n\u00f6sen \u00e9rdemes figyelmet szentelni azoknak az szeml\u00e9leteknek \u00e9s gyakorlatoknak, amelyek meg\u0151rzik az autentikus, biodiverzit\u00e1ssal gazdag\u00edtott sz\u0151l\u0151\u00fcltetv\u00e9nyeket, mint azokat, amelyeket egyre ink\u00e1bb t\u00e1mogatnak a [&hellip;]<\/p>\n","protected":false},"author":4,"featured_media":0,"comment_status":"open","ping_status":"open","sticky":false,"template":"","format":"standard","meta":[],"categories":[1],"tags":[],"yoast_head":"<!-- This site is optimized with the Yoast SEO plugin v19.13 - https:\/\/yoast.com\/wordpress\/plugins\/seo\/ -->\n<title>Aborigin\u00e1lis sz\u0151l\u0151termeszt\u00e9s \u00e9s bork\u00e9sz\u00edt\u00e9s Magyarorsz\u00e1gon: A tradicion\u00e1lis m\u00f3dszerek j\u00f6v\u0151je - Victoria Dalle<\/title>\n<meta name=\"robots\" content=\"index, follow, max-snippet:-1, max-image-preview:large, max-video-preview:-1\" \/>\n<link rel=\"canonical\" href=\"https:\/\/www.victoriadalle.com\/en\/aboriginalis-szolotermesztes-es-borkeszites-magyarorszagon-a-tradicionalis-modszerek-jovoje-2\/\" \/>\n<meta property=\"og:locale\" content=\"en_GB\" \/>\n<meta property=\"og:type\" content=\"article\" \/>\n<meta property=\"og:title\" content=\"Aborigin\u00e1lis sz\u0151l\u0151termeszt\u00e9s \u00e9s bork\u00e9sz\u00edt\u00e9s Magyarorsz\u00e1gon: A tradicion\u00e1lis m\u00f3dszerek j\u00f6v\u0151je - Victoria Dalle\" \/>\n<meta property=\"og:description\" content=\"Magyarorsz\u00e1g t\u00f6rt\u00e9nelm\u00e9ben a sz\u0151l\u0151- \u00e9s borkult\u00fara egyed\u00fcl\u00e1ll\u00f3 helyet foglal el, ahol a hagyom\u00e1nyos m\u00f3dszerek tov\u00e1bb\u00e9l\u00e9s\u00e9vel az \u00e9letm\u00f3d \u00e9s a gazdas\u00e1g is szorosan \u00f6sszefon\u00f3dik a term\u00e9szeti k\u00f6rnyezettel. A modern technol\u00f3giai fejl\u0151d\u00e9s mellett egy k\u00fcl\u00f6n\u00f6sen \u00e9rdemes figyelmet szentelni azoknak az szeml\u00e9leteknek \u00e9s gyakorlatoknak, amelyek meg\u0151rzik az autentikus, biodiverzit\u00e1ssal gazdag\u00edtott sz\u0151l\u0151\u00fcltetv\u00e9nyeket, mint azokat, amelyeket egyre ink\u00e1bb t\u00e1mogatnak a [&hellip;]\" \/>\n<meta property=\"og:url\" content=\"https:\/\/www.victoriadalle.com\/en\/aboriginalis-szolotermesztes-es-borkeszites-magyarorszagon-a-tradicionalis-modszerek-jovoje-2\/\" \/>\n<meta property=\"og:site_name\" content=\"Victoria Dalle\" \/>\n<meta property=\"article:published_time\" content=\"2025-04-20T22:02:30+00:00\" \/>\n<meta property=\"og:image\" content=\"https:\/\/vinniewinners-hu.com\/assets\/images\/borkultura.jpg\" \/>\n<meta name=\"author\" content=\"dalle\" \/>\n<meta name=\"twitter:card\" content=\"summary_large_image\" \/>\n<meta name=\"twitter:label1\" content=\"Written by\" \/>\n\t<meta name=\"twitter:data1\" content=\"dalle\" \/>\n\t<meta name=\"twitter:label2\" content=\"Estimated reading time\" \/>\n\t<meta name=\"twitter:data2\" content=\"4 minutes\" \/>\n<script type=\"application\/ld+json\" class=\"yoast-schema-graph\">{\"@context\":\"https:\/\/schema.org\",\"@graph\":[{\"@type\":\"WebPage\",\"@id\":\"https:\/\/www.victoriadalle.com\/aboriginalis-szolotermesztes-es-borkeszites-magyarorszagon-a-tradicionalis-modszerek-jovoje-2\",\"url\":\"https:\/\/www.victoriadalle.com\/aboriginalis-szolotermesztes-es-borkeszites-magyarorszagon-a-tradicionalis-modszerek-jovoje-2\",\"name\":\"Aborigin\u00e1lis sz\u0151l\u0151termeszt\u00e9s \u00e9s bork\u00e9sz\u00edt\u00e9s Magyarorsz\u00e1gon: A tradicion\u00e1lis m\u00f3dszerek j\u00f6v\u0151je - Victoria Dalle\",\"isPartOf\":{\"@id\":\"https:\/\/www.victoriadalle.com\/#website\"},\"datePublished\":\"2025-04-20T22:02:30+00:00\",\"dateModified\":\"2025-04-20T22:02:30+00:00\",\"author\":{\"@id\":\"https:\/\/www.victoriadalle.com\/#\/schema\/person\/bb2081358ab214369bd2084fb6377703\"},\"breadcrumb\":{\"@id\":\"https:\/\/www.victoriadalle.com\/aboriginalis-szolotermesztes-es-borkeszites-magyarorszagon-a-tradicionalis-modszerek-jovoje-2#breadcrumb\"},\"inLanguage\":\"en-GB\",\"potentialAction\":[{\"@type\":\"ReadAction\",\"target\":[\"https:\/\/www.victoriadalle.com\/aboriginalis-szolotermesztes-es-borkeszites-magyarorszagon-a-tradicionalis-modszerek-jovoje-2\"]}]},{\"@type\":\"BreadcrumbList\",\"@id\":\"https:\/\/www.victoriadalle.com\/aboriginalis-szolotermesztes-es-borkeszites-magyarorszagon-a-tradicionalis-modszerek-jovoje-2#breadcrumb\",\"itemListElement\":[{\"@type\":\"ListItem\",\"position\":1,\"name\":\"Home\",\"item\":\"https:\/\/www.victoriadalle.com\/\"},{\"@type\":\"ListItem\",\"position\":2,\"name\":\"Aborigin\u00e1lis sz\u0151l\u0151termeszt\u00e9s \u00e9s bork\u00e9sz\u00edt\u00e9s Magyarorsz\u00e1gon: A tradicion\u00e1lis m\u00f3dszerek j\u00f6v\u0151je\"}]},{\"@type\":\"WebSite\",\"@id\":\"https:\/\/www.victoriadalle.com\/#website\",\"url\":\"https:\/\/www.victoriadalle.com\/\",\"name\":\"Victoria Dalle\",\"description\":\"\",\"potentialAction\":[{\"@type\":\"SearchAction\",\"target\":{\"@type\":\"EntryPoint\",\"urlTemplate\":\"https:\/\/www.victoriadalle.com\/?s={search_term_string}\"},\"query-input\":\"required name=search_term_string\"}],\"inLanguage\":\"en-GB\"},{\"@type\":\"Person\",\"@id\":\"https:\/\/www.victoriadalle.com\/#\/schema\/person\/bb2081358ab214369bd2084fb6377703\",\"name\":\"dalle\",\"image\":{\"@type\":\"ImageObject\",\"inLanguage\":\"en-GB\",\"@id\":\"https:\/\/www.victoriadalle.com\/#\/schema\/person\/image\/\",\"url\":\"https:\/\/secure.gravatar.com\/avatar\/15342ac111d59b9ec59abf5909d1a6af?s=96&d=mm&r=g\",\"contentUrl\":\"https:\/\/secure.gravatar.com\/avatar\/15342ac111d59b9ec59abf5909d1a6af?s=96&d=mm&r=g\",\"caption\":\"dalle\"},\"url\":\"https:\/\/www.victoriadalle.com\/en\/author\/dalle\"}]}<\/script>\n<!-- \/ Yoast SEO plugin. -->","yoast_head_json":{"title":"Aborigin\u00e1lis sz\u0151l\u0151termeszt\u00e9s \u00e9s bork\u00e9sz\u00edt\u00e9s Magyarorsz\u00e1gon: A tradicion\u00e1lis m\u00f3dszerek j\u00f6v\u0151je - Victoria Dalle","robots":{"index":"index","follow":"follow","max-snippet":"max-snippet:-1","max-image-preview":"max-image-preview:large","max-video-preview":"max-video-preview:-1"},"canonical":"https:\/\/www.victoriadalle.com\/en\/aboriginalis-szolotermesztes-es-borkeszites-magyarorszagon-a-tradicionalis-modszerek-jovoje-2\/","og_locale":"en_GB","og_type":"article","og_title":"Aborigin\u00e1lis sz\u0151l\u0151termeszt\u00e9s \u00e9s bork\u00e9sz\u00edt\u00e9s Magyarorsz\u00e1gon: A tradicion\u00e1lis m\u00f3dszerek j\u00f6v\u0151je - Victoria Dalle","og_description":"Magyarorsz\u00e1g t\u00f6rt\u00e9nelm\u00e9ben a sz\u0151l\u0151- \u00e9s borkult\u00fara egyed\u00fcl\u00e1ll\u00f3 helyet foglal el, ahol a hagyom\u00e1nyos m\u00f3dszerek tov\u00e1bb\u00e9l\u00e9s\u00e9vel az \u00e9letm\u00f3d \u00e9s a gazdas\u00e1g is szorosan \u00f6sszefon\u00f3dik a term\u00e9szeti k\u00f6rnyezettel. A modern technol\u00f3giai fejl\u0151d\u00e9s mellett egy k\u00fcl\u00f6n\u00f6sen \u00e9rdemes figyelmet szentelni azoknak az szeml\u00e9leteknek \u00e9s gyakorlatoknak, amelyek meg\u0151rzik az autentikus, biodiverzit\u00e1ssal gazdag\u00edtott sz\u0151l\u0151\u00fcltetv\u00e9nyeket, mint azokat, amelyeket egyre ink\u00e1bb t\u00e1mogatnak a [&hellip;]","og_url":"https:\/\/www.victoriadalle.com\/en\/aboriginalis-szolotermesztes-es-borkeszites-magyarorszagon-a-tradicionalis-modszerek-jovoje-2\/","og_site_name":"Victoria Dalle","article_published_time":"2025-04-20T22:02:30+00:00","og_image":[{"url":"https:\/\/vinniewinners-hu.com\/assets\/images\/borkultura.jpg"}],"author":"dalle","twitter_card":"summary_large_image","twitter_misc":{"Written by":"dalle","Estimated reading time":"4 minutes"},"schema":{"@context":"https:\/\/schema.org","@graph":[{"@type":"WebPage","@id":"https:\/\/www.victoriadalle.com\/aboriginalis-szolotermesztes-es-borkeszites-magyarorszagon-a-tradicionalis-modszerek-jovoje-2","url":"https:\/\/www.victoriadalle.com\/aboriginalis-szolotermesztes-es-borkeszites-magyarorszagon-a-tradicionalis-modszerek-jovoje-2","name":"Aborigin\u00e1lis sz\u0151l\u0151termeszt\u00e9s \u00e9s bork\u00e9sz\u00edt\u00e9s Magyarorsz\u00e1gon: A tradicion\u00e1lis m\u00f3dszerek j\u00f6v\u0151je - Victoria Dalle","isPartOf":{"@id":"https:\/\/www.victoriadalle.com\/#website"},"datePublished":"2025-04-20T22:02:30+00:00","dateModified":"2025-04-20T22:02:30+00:00","author":{"@id":"https:\/\/www.victoriadalle.com\/#\/schema\/person\/bb2081358ab214369bd2084fb6377703"},"breadcrumb":{"@id":"https:\/\/www.victoriadalle.com\/aboriginalis-szolotermesztes-es-borkeszites-magyarorszagon-a-tradicionalis-modszerek-jovoje-2#breadcrumb"},"inLanguage":"en-GB","potentialAction":[{"@type":"ReadAction","target":["https:\/\/www.victoriadalle.com\/aboriginalis-szolotermesztes-es-borkeszites-magyarorszagon-a-tradicionalis-modszerek-jovoje-2"]}]},{"@type":"BreadcrumbList","@id":"https:\/\/www.victoriadalle.com\/aboriginalis-szolotermesztes-es-borkeszites-magyarorszagon-a-tradicionalis-modszerek-jovoje-2#breadcrumb","itemListElement":[{"@type":"ListItem","position":1,"name":"Home","item":"https:\/\/www.victoriadalle.com\/"},{"@type":"ListItem","position":2,"name":"Aborigin\u00e1lis sz\u0151l\u0151termeszt\u00e9s \u00e9s bork\u00e9sz\u00edt\u00e9s Magyarorsz\u00e1gon: A tradicion\u00e1lis m\u00f3dszerek j\u00f6v\u0151je"}]},{"@type":"WebSite","@id":"https:\/\/www.victoriadalle.com\/#website","url":"https:\/\/www.victoriadalle.com\/","name":"Victoria Dalle","description":"","potentialAction":[{"@type":"SearchAction","target":{"@type":"EntryPoint","urlTemplate":"https:\/\/www.victoriadalle.com\/?s={search_term_string}"},"query-input":"required name=search_term_string"}],"inLanguage":"en-GB"},{"@type":"Person","@id":"https:\/\/www.victoriadalle.com\/#\/schema\/person\/bb2081358ab214369bd2084fb6377703","name":"dalle","image":{"@type":"ImageObject","inLanguage":"en-GB","@id":"https:\/\/www.victoriadalle.com\/#\/schema\/person\/image\/","url":"https:\/\/secure.gravatar.com\/avatar\/15342ac111d59b9ec59abf5909d1a6af?s=96&d=mm&r=g","contentUrl":"https:\/\/secure.gravatar.com\/avatar\/15342ac111d59b9ec59abf5909d1a6af?s=96&d=mm&r=g","caption":"dalle"},"url":"https:\/\/www.victoriadalle.com\/en\/author\/dalle"}]}},"_links":{"self":[{"href":"https:\/\/www.victoriadalle.com\/en\/wp-json\/wp\/v2\/posts\/41283"}],"collection":[{"href":"https:\/\/www.victoriadalle.com\/en\/wp-json\/wp\/v2\/posts"}],"about":[{"href":"https:\/\/www.victoriadalle.com\/en\/wp-json\/wp\/v2\/types\/post"}],"author":[{"embeddable":true,"href":"https:\/\/www.victoriadalle.com\/en\/wp-json\/wp\/v2\/users\/4"}],"replies":[{"embeddable":true,"href":"https:\/\/www.victoriadalle.com\/en\/wp-json\/wp\/v2\/comments?post=41283"}],"version-history":[{"count":0,"href":"https:\/\/www.victoriadalle.com\/en\/wp-json\/wp\/v2\/posts\/41283\/revisions"}],"wp:attachment":[{"href":"https:\/\/www.victoriadalle.com\/en\/wp-json\/wp\/v2\/media?parent=41283"}],"wp:term":[{"taxonomy":"category","embeddable":true,"href":"https:\/\/www.victoriadalle.com\/en\/wp-json\/wp\/v2\/categories?post=41283"},{"taxonomy":"post_tag","embeddable":true,"href":"https:\/\/www.victoriadalle.com\/en\/wp-json\/wp\/v2\/tags?post=41283"}],"curies":[{"name":"wp","href":"https:\/\/api.w.org\/{rel}","templated":true}]}}